[{"@context":"https:\/\/schema.org\/","@type":"Article","@id":"https:\/\/www.tisktuma.cz\/posilnete-sve-rostliny-na-zahrade\/#Article","mainEntityOfPage":"https:\/\/www.tisktuma.cz\/posilnete-sve-rostliny-na-zahrade\/","headline":"Posiln\u011bte sv\u00e9 rostliny na zahrad\u011b","name":"Posiln\u011bte sv\u00e9 rostliny na zahrad\u011b","description":"V pr\u016fb\u011bhu let se u n\u00e1s st\u00e1le st\u0159\u00eddaj\u00ed tepl\u00e9, ale i studen\u00e9 zimy.\u00a0 V na\u0161em kraji jsme m\u011bli \u010dasto jen okolo 20 cm sn\u011bhu, a to je\u0161t\u011b jen n\u011bkolik dn\u00ed. Sn\u00edh potom s dal\u0161\u00edm oteplen\u00edm rozt\u00e1l. R\u00e1no p\u0159i v\u00fdhledu z okna jsme se t\u011b\u0161ili na pohled louky, kter\u00e9 jsou alespo\u0148 oj\u00edn\u011bn\u00e9 jinovatkou, ale ta se [&hellip;]","datePublished":"2022-02-26","dateModified":"2023-05-03","author":{"@type":"Person","@id":"https:\/\/www.tisktuma.cz\/author\/devene\/#Person","name":"devene","url":"https:\/\/www.tisktuma.cz\/author\/devene\/","identifier":1,"image":{"@type":"ImageObject","@id":"https:\/\/secure.gravatar.com\/avatar\/8eaf08ef5a7e54fc91db02b2058b03bc913caaaa39c046819bbf43d06bd23c2b?s=96&d=mm&r=g","url":"https:\/\/secure.gravatar.com\/avatar\/8eaf08ef5a7e54fc91db02b2058b03bc913caaaa39c046819bbf43d06bd23c2b?s=96&d=mm&r=g","height":96,"width":96}},"publisher":{"@type":"Organization","name":"tisktuma.cz","logo":{"@type":"ImageObject","@id":"\/logo.png","url":"\/logo.png","width":600,"height":60}},"image":{"@type":"ImageObject","@id":"https:\/\/www.tisktuma.cz\/wp-content\/uploads\/prace%202.jpg","url":"https:\/\/www.tisktuma.cz\/wp-content\/uploads\/prace%202.jpg","height":0,"width":0},"url":"https:\/\/www.tisktuma.cz\/posilnete-sve-rostliny-na-zahrade\/","about":["Zahrada a d\u016fm"],"wordCount":461,"articleBody":"V pr\u016fb\u011bhu let se u n\u00e1s st\u00e1le st\u0159\u00eddaj\u00ed tepl\u00e9, ale i studen\u00e9 zimy.\u00a0 V na\u0161em kraji jsme m\u011bli \u010dasto jen okolo 20 cm sn\u011bhu, a to je\u0161t\u011b jen n\u011bkolik dn\u00ed. Sn\u00edh potom s dal\u0161\u00edm oteplen\u00edm rozt\u00e1l. R\u00e1no p\u0159i v\u00fdhledu z okna jsme se t\u011b\u0161ili na pohled louky, kter\u00e9 jsou alespo\u0148 oj\u00edn\u011bn\u00e9 jinovatkou, ale ta se v\u017edy v dopoledn\u00edch hodin\u00e1ch tak\u00e9 zcela roztopila.\u00a0 Kdy\u017e u\u017e se objevila na n\u011bkolik dn\u00ed po\u0159\u00e1dn\u00e1 zima, bylo to p\u0159ekvapen\u00ed. Bohu\u017eel p\u0159i\u0161la, kdy\u017e byli ovocn\u00e9 stromy pln\u00e9 kv\u011btu, a t\u00e9 zimy u\u017e vlastn\u011b nebylo pot\u0159eba. Za na\u0161\u00edm domem, na velice dobr\u00e9m m\u00edst\u011b, v z\u00e1v\u011bt\u0159\u00ed, roste kr\u00e1sn\u00fdch \u010dty\u0159icet let star\u00e1 jablo\u0148, ze kter\u00e9 v\u017edy v\u011b\u0161t\u00edme, jak se bude ten kter\u00fd rok da\u0159it ovoci.\u00a0 B\u011bhem t\u011bchto \u010dty\u0159iceti let m\u011bla jablo\u0148 snad jen dvakr\u00e1t velice m\u00e1lo ovoce. Ale to byly roky, ve kter\u00fdch se naprosto \u017e\u00e1dn\u00e9mu ovoci neda\u0159ilo. Jednou p\u0159i\u0161el takov\u00fd siln\u00fd mr\u00e1z, zrovna kdy\u017e p\u0159ech\u00e1zeli z pupenu do kv\u011btu.\u00a0 Byla to takov\u00e1 zima, \u017ee \u00fapln\u011b zmrazila poupata a pu\u010d\u00edc\u00ed kv\u011bty. Jenom n\u011bkolik kv\u011bt\u016f zcela naho\u0159e, a\u017e na vrcholu stromu tento mr\u00e1z vydr\u017eely. Tak\u017ee se uk\u00e1zalo, \u017ee mr\u00e1z dosahoval od zem\u011b a\u017e do \u010dty\u0159 metr\u016f v\u00fd\u0161ky. Takov\u00e9 velik\u00e9 vzestupy a poklesy teplot jsou rovn\u011b\u017e doprov\u00e1zeny velice rozd\u00edlnou vlhkost\u00ed v p\u0159\u00edrod\u011b. P\u0159\u00edroda to za\u0159\u00eddila tak, aby velmi m\u00e1lo \u017eivo\u010di\u0161n\u00fdch \u0161k\u016fdc\u016f p\u0159e\u017eilo nep\u0159etr\u017eit\u011b studenou zimu. Pokud v\u0161ak nastane zima jenom m\u00edrn\u00e1, p\u0159\u00edli\u0161 tepl\u00e1 zima anebo i vlhk\u00e1 zima, \u010dlov\u011bk se mus\u00ed p\u0159ipravit na to, \u017ee zjara p\u0159\u00ed\u0161t\u00edho roku bude m\u00edt na sv\u00e9 zahrad\u011b u rostlin spoustu v\u0161elijak\u00fdch \u017eivo\u010di\u0161n\u00fdch \u0161k\u016fdc\u016f, ale i rostlinn\u00fdch \u0161k\u016fdc\u016f, jako jsou nap\u0159\u00edklad pl\u00edsn\u011b. Za t\u011bchto okolnost\u00ed m\u00e1me mo\u017enost zvolit vhodn\u00e1 hnojiva a tak \u010delit u rostlin rozli\u010dn\u00fdm probl\u00e9m\u016fm, kter\u00e9 se daj\u00ed o\u010dek\u00e1vat. Pokud ale chceme, abychom m\u011bli rostliny skute\u010dn\u011b dob\u0159e chr\u00e1n\u011bn\u00e9, m\u011bly by b\u00fdt ji\u017e zasazeny do zem\u011b tak, aby byly pos\u00edleny do vegeta\u010dn\u00edho obdob\u00ed, aby v\u016fbec k jejich napaden\u00ed n\u011bjak\u00fdmi \u0161k\u016fdci, a\u0165 u\u017e \u017eivo\u010di\u0161n\u00fdmi, nebo rostlinn\u00fdmi, nedo\u0161lo. To znamen\u00e1, \u017ee hnojivo, kter\u00e9 pou\u017e\u00edv\u00e1me, by m\u011blo revitalizovat p\u0159\u00edmo p\u016fdu, ne jen hnojit rostliny.                                                                                                                                                                                                                                                                                                                                                                                        4.5\/5 - (11 votes)        "},{"@context":"https:\/\/schema.org\/","@type":"BreadcrumbList","itemListElement":[{"@type":"ListItem","position":1,"name":"Posiln\u011bte sv\u00e9 rostliny na zahrad\u011b","item":"https:\/\/www.tisktuma.cz\/posilnete-sve-rostliny-na-zahrade\/#breadcrumbitem"}]}]