[{"@context":"https:\/\/schema.org\/","@type":"Article","@id":"https:\/\/www.tisktuma.cz\/pamatujete-si-jeste-na-allana-simonsena\/#Article","mainEntityOfPage":"https:\/\/www.tisktuma.cz\/pamatujete-si-jeste-na-allana-simonsena\/","headline":"Pamatujete si je\u0161t\u011b na Allana Simonsena","name":"Pamatujete si je\u0161t\u011b na Allana Simonsena","description":"Tento vzr\u016fstem nevelk\u00fd \u00fato\u010dn\u00edk (165 cm), za\u010d\u00ednal s velk\u00fdm fotbalem v klubu Vejle. V seniorsk\u00e9m t\u00fdmu debutoval ve sv\u00fdch 19 letech a hned se stal platn\u00fdm \u010dlenem t\u00fdmu. Ji\u017e v prvn\u00edch dvou sezon\u00e1ch mezi dosp\u011bl\u00fdmi si p\u0159ipsal dva mistrovsk\u00e9 tituly, kter\u00e9 mu tak\u00e9 pomohly k nominaci na Olympijsk\u00e9 hry, kter\u00e9 se odehr\u00e1ly v roce 1972. [&hellip;]","datePublished":"2019-12-15","dateModified":"2023-05-03","author":{"@type":"Person","@id":"https:\/\/www.tisktuma.cz\/author\/devene\/#Person","name":"devene","url":"https:\/\/www.tisktuma.cz\/author\/devene\/","identifier":1,"image":{"@type":"ImageObject","@id":"https:\/\/secure.gravatar.com\/avatar\/8eaf08ef5a7e54fc91db02b2058b03bc913caaaa39c046819bbf43d06bd23c2b?s=96&d=mm&r=g","url":"https:\/\/secure.gravatar.com\/avatar\/8eaf08ef5a7e54fc91db02b2058b03bc913caaaa39c046819bbf43d06bd23c2b?s=96&d=mm&r=g","height":96,"width":96}},"publisher":{"@type":"Organization","name":"tisktuma.cz","logo":{"@type":"ImageObject","@id":"\/logo.png","url":"\/logo.png","width":600,"height":60}},"image":{"@type":"ImageObject","@id":"https:\/\/www.tisktuma.cz\/wp-content\/uploads\/img_a362846_w3294_t1575805653.jpg","url":"https:\/\/www.tisktuma.cz\/wp-content\/uploads\/img_a362846_w3294_t1575805653.jpg","height":0,"width":0},"url":"https:\/\/www.tisktuma.cz\/pamatujete-si-jeste-na-allana-simonsena\/","about":["Sport"],"wordCount":559,"articleBody":"Tento vzr\u016fstem nevelk\u00fd \u00fato\u010dn\u00edk (165 cm), za\u010d\u00ednal s velk\u00fdm fotbalem v klubu Vejle. V seniorsk\u00e9m t\u00fdmu debutoval ve sv\u00fdch 19 letech a hned se stal platn\u00fdm \u010dlenem t\u00fdmu. Ji\u017e v prvn\u00edch dvou sezon\u00e1ch mezi dosp\u011bl\u00fdmi si p\u0159ipsal dva mistrovsk\u00e9 tituly, kter\u00e9 mu tak\u00e9 pomohly k nominaci na Olympijsk\u00e9 hry, kter\u00e9 se odehr\u00e1ly v roce 1972. To mu otev\u0159elo br\u00e1nu, do sv\u011bta velk\u00e9ho fotbalu. Na tomto turnaji si toti\u017e v p\u011bti startech p\u0159ipsal t\u0159i branky a upoutal tak pozornost M\u00f6nchengladbachu, kter\u00fd v sedmdes\u00e1t\u00fdch letech platil za nejlep\u0161\u00ed n\u011bmeck\u00fd t\u00fdm. A\u010dkoliv pat\u0159il mezi velk\u00e9 talenty evropsk\u00e9ho fotbalu, za\u010d\u00e1tky v N\u011bmecku byly kru\u0161n\u00e9.V prvn\u00ed dvou sezon\u00e1ch byl pouh\u00fdm n\u00e1hradn\u00edkem a na h\u0159i\u0161t\u011b se dost\u00e1val sporadicky. To se v\u0161ak zm\u011bnilo v sezon\u011b 1974-75, kter\u00e1 byla v jeho kari\u00e9\u0159e pr\u016flomov\u00e1. Odehr\u00e1l v\u0161echny ligov\u00e9 z\u00e1pasy, ve kter\u00fdch si p\u0159ipsal 18 branek a dal\u0161\u00edch 10 g\u00f3l\u016f ve 12 z\u00e1pasech p\u0159idal v poh\u00e1rov\u00e9 Evrop\u011b. I d\u00edky skv\u011bl\u00fdm v\u00fdkon\u016fm se Gladbach na konci sezony t\u011b\u0161il z n\u011bmeck\u00e9ho titulu a tak\u00e9 z trofeje pro v\u00edt\u011bze poh\u00e1ru UEFA. Svoj\u00ed \u0161anci u\u017e nepustil a etabloval se mezi nejlep\u0161\u00ed evropsk\u00e9 fotbalisty. Vrchol jeho kari\u00e9ry p\u0159i\u0161el v roce 1977. Se sv\u00fdm t\u00fdmem vyhr\u00e1l ligu, n\u011bmeck\u00fd superpoh\u00e1r a dot\u00e1hl jej tak\u00e9 do fin\u00e1le Poh\u00e1ru mistr\u016f evropsk\u00fdch zem\u00ed (dne\u0161n\u00ed Liga mistr\u016f). Na konci tohoto roku byly jeho v\u00fdkony ocen\u011bny Zlat\u00fdm m\u00ed\u010dem, tedy trofej\u00ed pro nejlep\u0161\u00edho hr\u00e1\u010de p\u016fsob\u00edc\u00edho v Evrop\u011b. Vezmeme-li v potaz, \u017ee mluv\u00edme o sedmdes\u00e1t\u00fdch letech, tedy obdob\u00ed, kdy evropsk\u00e9mu fotbalu vl\u00e1dli Johan Cruyff a Franz Beckenbauer a pomalu za\u010dal vystrkovat r\u016f\u017eky Michel Platini. Rok 1982 p\u0159inesl Simonsenovi dal\u0161\u00ed velkou zm\u011bnu. Barcelona podepsala Diega Maradonu. Bylo to v dob\u011b, kdy\u017e \u0161pan\u011blsk\u00e9 kluby mohly m\u00edt na soupisce pouze dva cizince a tak musel ud\u011blat nov\u00e9 akvizici m\u00edsto v t\u00fdmu, proto\u017ee se Barcelona necht\u011bla vzd\u00e1t Bernda Schustera. Simonsen to pova\u017eoval za ur\u00e1\u017eku a cht\u011bl si vynutit okam\u017eit\u00fd odchod. Navzdory tomu, \u017ee m\u011bl na stole nab\u00eddky z Realu Madrid a Tottenhamu, se tak trochu ne\u010dekan\u011b rozhodl pro druholigov\u00fd Charlton, kter\u00fd za n\u011bj zaplatil 300 tis\u00edc liber. S\u00e1m uvedl, \u017ee cht\u011bl hr\u00e1t v klidu a bez stresu, proto si vybral t\u00fdm, kde na n\u011bj nebude takov\u00fd tlak.Tato kapitola v\u0161ak skon\u010dila velice brzy. A\u010dkoliv p\u0159edv\u00e1d\u011bl kvalitn\u00ed v\u00fdkony a v 16 z\u00e1pasech dal 9 g\u00f3l\u016f, po t\u0159ech m\u011bs\u00edc\u00edch se jej Charlton musel zbavit. Nedok\u00e1zal toti\u017e zafinancovat jeho p\u0159estup ani plat. Pak se rozhodl opustit sv\u011bt velk\u00e9ho fotbalu a vr\u00e1til se do klubu sv\u00e9ho ml\u00e1d\u00ed, Vejle. Zde p\u016fsobil a\u017e do roku 1989, kdy ve sv\u00fdch 37 letech ukon\u010dil kari\u00e9ru. Po skon\u010den\u00ed kari\u00e9ry p\u016fsobil jako mana\u017eer Vejle nebo reprezentac\u00ed Faersk\u00fdch ostrov\u016f a Lucemburska.                                                                                                                                                                                                                                                                                                                                                                                        4.1\/5 - (9 votes)        "},{"@context":"https:\/\/schema.org\/","@type":"BreadcrumbList","itemListElement":[{"@type":"ListItem","position":1,"name":"Pamatujete si je\u0161t\u011b na Allana Simonsena","item":"https:\/\/www.tisktuma.cz\/pamatujete-si-jeste-na-allana-simonsena\/#breadcrumbitem"}]}]