[{"@context":"https:\/\/schema.org\/","@type":"Article","@id":"https:\/\/www.tisktuma.cz\/dusite-se-casto\/#Article","mainEntityOfPage":"https:\/\/www.tisktuma.cz\/dusite-se-casto\/","headline":"Dus\u00edte se \u010dasto","name":"Dus\u00edte se \u010dasto","description":"Jste alergikem a trp\u00edte i slab\u00fdm astmatem, tak\u017ee moc dob\u0159e v\u00edte, co to znamen\u00e1 pob\u00fdvat v\u00a0prost\u0159ed\u00ed, kde nen\u00ed zaji\u0161t\u011bna dostate\u010dn\u00e1 kvalita vzduchu. A st\u00e1v\u00e1 se v\u00e1m to \u010dasto. \u010clov\u011bk toti\u017e dok\u00e1\u017ee v\u00edce \u010di m\u00e9n\u011b l\u00e9pe ovlivnit to, jak se c\u00edt\u00ed doma a jak\u00e9 si tam vytvo\u0159\u00ed sv\u00e9 vlastn\u00ed mikroklima, ov\u0161em ovlivnit sv\u011bt za dve\u0159mi va\u0161eho [&hellip;]","datePublished":"2024-11-02","dateModified":"2024-11-02","author":{"@type":"Person","@id":"https:\/\/www.tisktuma.cz\/author\/devene\/#Person","name":"devene","url":"https:\/\/www.tisktuma.cz\/author\/devene\/","identifier":1,"image":{"@type":"ImageObject","@id":"https:\/\/secure.gravatar.com\/avatar\/8eaf08ef5a7e54fc91db02b2058b03bc913caaaa39c046819bbf43d06bd23c2b?s=96&d=mm&r=g","url":"https:\/\/secure.gravatar.com\/avatar\/8eaf08ef5a7e54fc91db02b2058b03bc913caaaa39c046819bbf43d06bd23c2b?s=96&d=mm&r=g","height":96,"width":96}},"publisher":{"@type":"Organization","name":"tisktuma.cz","logo":{"@type":"ImageObject","@id":"\/logo.png","url":"\/logo.png","width":600,"height":60}},"url":"https:\/\/www.tisktuma.cz\/dusite-se-casto\/","wordCount":258,"articleBody":"\tJste alergikem a trp\u00edte i slab\u00fdm astmatem, tak\u017ee moc dob\u0159e v\u00edte, co to znamen\u00e1 pob\u00fdvat v\u00a0prost\u0159ed\u00ed, kde nen\u00ed zaji\u0161t\u011bna dostate\u010dn\u00e1 kvalita vzduchu. A st\u00e1v\u00e1 se v\u00e1m to \u010dasto. \u010clov\u011bk toti\u017e dok\u00e1\u017ee v\u00edce \u010di m\u00e9n\u011b l\u00e9pe ovlivnit to, jak se c\u00edt\u00ed doma a jak\u00e9 si tam vytvo\u0159\u00ed sv\u00e9 vlastn\u00ed mikroklima, ov\u0161em ovlivnit sv\u011bt za dve\u0159mi va\u0161eho bytu u\u017e je nesnadn\u00fd a n\u011bkdy a\u017e nadlidsk\u00fd \u00fakol. A tak se alespo\u0148 sna\u017e\u00edte bojovat za \u010dist\u00fd vzduch v\u0161ude, kde to jen trochu jde.\tN\u011bco ovlivnit m\u016f\u017eeteT\u0159eba u v\u00e1s v\u00a0zam\u011bstn\u00e1n\u00ed si velmi pe\u010dliv\u011b hl\u00edd\u00e1te, jak\u00e9 materi\u00e1ly a v\u011bci se k\u00a0v\u00e1m do kancel\u00e1\u0159e dostanou, zda nev\u011btr\u00e1te v\u00a0dob\u011b, kdy venku panuje smog \u010di zv\u00fd\u0161en\u00e1 hladina prachu nap\u0159\u00edklad v\u00a0d\u016fsledku stavebn\u00edch prac\u00ed n\u011bkde nedaleko. A stejn\u011b tak se sna\u017e\u00edte hl\u00eddat klima v\u00a0dopravn\u00edch prost\u0159edc\u00edch, ve kter\u00fdch se pohybujete. I z\u00a0tohoto d\u016fvodu jste si s\u00a0man\u017eelem po del\u0161\u00edm rozhodov\u00e1n\u00ed po\u0159\u00eddili auto, nebo\u0165 se v\u00e1m \u010dasto st\u00e1valo, \u017ee jste se v\u00a0m\u011bstsk\u00e9 hromadn\u00e9 doprav\u011b, a to p\u0159edev\u0161\u00edm ve \u0161pi\u010dce, za\u010d\u00ednala dusit. Kde\u017eto v\u00a0aut\u011b jste sv\u00fdm vlastn\u00edm p\u00e1nem a pokud m\u00e1te kvalitn\u00ed kabinov\u00fd filtr, tak se vevnit\u0159 c\u00edt\u00edte p\u0159\u00edjemn\u011b.                                                                                                                                                                                                                                                                                                                                                                                        5\/5 - (2 votes)        "},{"@context":"https:\/\/schema.org\/","@type":"BreadcrumbList","itemListElement":[{"@type":"ListItem","position":1,"name":"Dus\u00edte se \u010dasto","item":"https:\/\/www.tisktuma.cz\/dusite-se-casto\/#breadcrumbitem"}]}]